{"id":9887,"date":"2026-03-13T08:06:00","date_gmt":"2026-03-13T07:06:00","guid":{"rendered":"https:\/\/www.nachbarsprachen-sachsen.eu\/lana\/blog\/?p=9887"},"modified":"2026-03-13T11:48:23","modified_gmt":"2026-03-13T10:48:23","slug":"vorgestellt-netzwerk-fuer-nachbarsprachige-bildung-9","status":"publish","type":"post","link":"https:\/\/www.nachbarsprachen-sachsen.eu\/lana\/blog\/stimmen-aus-der-praxis\/vorgestellt-netzwerk-fuer-nachbarsprachige-bildung-9.html","title":{"rendered":"Vorgestellt: Netzwerk f\u00fcr nachbarsprachige Bildung"},"content":{"rendered":"\n<p>Liebe Freunde und Interessierte an Nachbarsprachen und grenz\u00fcberschreitender Zusammenarbeit: Heute stellen wir Ihnen wieder einen engagierte Bildungstr\u00e4ger aus unserem\u00a0<a href=\"https:\/\/www.nachbarsprachen-sachsen.eu\/de\/ueber-uns.html\" target=\"_blank\" rel=\"noreferrer noopener\">gemeinsamen Netzwerk rund um die \u201enachbarsprachige Bildung im Grenzraum\u201c<\/a>\u00a0vor. Freuen Sie sich auf diesen Stopp auf unserer Reise durch unser vielf\u00e4ltiges Netzwerk (nicht nur) in Sachsen. Akteur des Monats M\u00e4rz ist\u00a0die <a href=\"https:\/\/euroregion-snb.de\/\" target=\"_blank\" rel=\"noreferrer noopener\">Euroregion Spree-Neisse-Bober<\/a> e. V. in Guben.<\/p>\n\n\n\n<!--more-->\n\n\n\n<h3 class=\"wp-block-heading\"><strong>Worum geht es heute?<\/strong><\/h3>\n\n\n\n<p>Im\u00a0<a href=\"https:\/\/youtu.be\/YKYjXxyVyHY?si=NgztVmp2RWAE593N\" target=\"_blank\" rel=\"noreferrer noopener\">Beitrag des Gesch\u00e4ftsf\u00fchrers der Euroregion Spree-Nei\u00dfe-Bober, Carsten Jacob<\/a>, h\u00f6ren Sie, wo die thematischen\u00a0Schnittstellen\u00a0f\u00fcr das gemeinsame Engagement der brandenburgischen Euroregion mit der LaNa liegen, wie unsere\u00a0Zusammenarbeit\u00a0aussieht und welche konkreten\u00a0W\u00fcnsche\u00a0unser Partner f\u00fcr die Zukunft der nachbarsprachigen Bildung im Grenzraum hat.<\/p>\n\n\n\n<p>Finden Sie au\u00dferdem heraus, welches polnische Lieblingswort Herr Jacob gew\u00e4hlt hat und was er damit verbindet. &nbsp;&nbsp;<\/p>\n\n\n\n<p>Herzlichen Dank an Carsten Jacob und das Team der Euroregion Spree-Neisse-Bober f\u00fcr diesen Videobeitrag, der anl\u00e4sslich des&nbsp;<a href=\"https:\/\/www.nachbarsprachen-sachsen.eu\/de\/ueber-uns.html\" target=\"_blank\" rel=\"noreferrer noopener\">10-j\u00e4hrigen Bestehens der S\u00e4chsischen Landesstelle f\u00fcr nachbarsprachige Bildung 2024<\/a>&nbsp;entstand.<\/p>\n\n\n\n<p>Der kurze Selfie-Video-Beitrag von Tandem steht zur Verf\u00fcgung unter:\u00a0<a href=\"https:\/\/youtu.be\/YKYjXxyVyHY?si=NgztVmp2RWAE593N\" target=\"_blank\" rel=\"noreferrer noopener\">https:\/\/youtu.be\/YKYjXxyVyHY?si=NgztVmp2RWAE593N<\/a><\/p>\n\n\n\n<h3 class=\"wp-block-heading\"><strong>Eine Einladung an Sie!<\/strong><\/h3>\n\n\n\n<p>Sind Sie Teil des Netzwerks nachbarsprachige Bildung (nicht nur) in Sachsen? Wenn nicht, f\u00fchlen Sie sich herzlich eingeladen, ab sofort ein aktiver Teil davon zu werden und gemeinsam mit uns nachbarsprachige Bildung im deutsch-polnischen und deutsch-tschechischen Grenzraum in allen Lebensphasen voranzubringen.&nbsp;<a href=\"https:\/\/www.nachbarsprachen-sachsen.eu\/de\/kontakt.html\" target=\"_blank\" rel=\"noreferrer noopener\">Sprechen Sie uns gern an<\/a>.<\/p>\n","protected":false},"excerpt":{"rendered":"<p>Liebe Freunde und Interessierte an Nachbarsprachen und grenz\u00fcberschreitender Zusammenarbeit: Heute stellen wir Ihnen wieder einen engagierte Bildungstr\u00e4ger aus unserem\u00a0gemeinsamen Netzwerk rund um die \u201enachbarsprachige Bildung im Grenzraum\u201c\u00a0vor. Freuen Sie sich auf diesen Stopp auf unserer Reise durch unser vielf\u00e4ltiges Netzwerk (nicht nur) in Sachsen. Akteur des Monats M\u00e4rz ist\u00a0die Euroregion Spree-Neisse-Bober e. V. in Guben.<\/p>\n","protected":false},"author":7,"featured_media":9888,"comment_status":"open","ping_status":"open","sticky":false,"template":"","format":"standard","meta":{"footnotes":""},"categories":[1,46],"tags":[1853,155,1855,1594,1832,380,1997],"class_list":["post-9887","post","type-post","status-publish","format-standard","has-post-thumbnail","hentry","category-allgemein","category-stimmen-aus-der-praxis","tag-euroregion-spree-neisse-bober","tag-grenzraum","tag-interreg-bb-pl","tag-lana-netzwerk","tag-nachbarsprache-ab-der-kita","tag-netzwerk","tag-nl1-26"],"yoast_head":"<!-- This site is optimized with the Yoast SEO plugin v26.9 - https:\/\/yoast.com\/product\/yoast-seo-wordpress\/ -->\n<title>Vorgestellt: Netzwerk f\u00fcr nachbarsprachige Bildung - Blog der S\u00e4chsischen Landesstelle f\u00fcr nachbarsprachige Bildung<\/title>\n<meta name=\"description\" content=\"Netzwerkpartner Euroregion Spree-Neisse-Bober e. V. vorgestellt - inklusive Lieblingswort auf Polnisch und gemeinsames Engagement mit LaNa.\" \/>\n<meta name=\"robots\" content=\"index, follow, max-snippet:-1, max-image-preview:large, max-video-preview:-1\" \/>\n<link rel=\"canonical\" href=\"https:\/\/www.nachbarsprachen-sachsen.eu\/lana\/blog\/allgemein\/vorgestellt-netzwerk-fuer-nachbarsprachige-bildung-9.html\" \/>\n<meta property=\"og:locale\" content=\"de_DE\" \/>\n<meta property=\"og:type\" content=\"article\" \/>\n<meta property=\"og:title\" content=\"Vorgestellt: Netzwerk f\u00fcr nachbarsprachige Bildung - Blog der S\u00e4chsischen Landesstelle f\u00fcr nachbarsprachige Bildung\" \/>\n<meta property=\"og:description\" content=\"Netzwerkpartner Euroregion Spree-Neisse-Bober e. V. vorgestellt - inklusive Lieblingswort auf Polnisch und gemeinsames Engagement mit LaNa.\" \/>\n<meta property=\"og:url\" content=\"https:\/\/www.nachbarsprachen-sachsen.eu\/lana\/blog\/allgemein\/vorgestellt-netzwerk-fuer-nachbarsprachige-bildung-9.html\" \/>\n<meta property=\"og:site_name\" content=\"Blog der S\u00e4chsischen Landesstelle f\u00fcr nachbarsprachige Bildung\" \/>\n<meta property=\"article:published_time\" content=\"2026-03-13T07:06:00+00:00\" \/>\n<meta property=\"article:modified_time\" content=\"2026-03-13T10:48:23+00:00\" \/>\n<meta property=\"og:image\" content=\"https:\/\/www.nachbarsprachen-sachsen.eu\/lana\/blog\/wp-content\/uploads\/2026\/03\/Deckblatt-Euroregion.png\" \/>\n\t<meta property=\"og:image:width\" content=\"1543\" \/>\n\t<meta property=\"og:image:height\" content=\"857\" \/>\n\t<meta property=\"og:image:type\" content=\"image\/png\" \/>\n<meta name=\"author\" content=\"LaNa-Team\" \/>\n<meta name=\"twitter:card\" content=\"summary_large_image\" \/>\n<meta name=\"twitter:label1\" content=\"Verfasst von\" \/>\n\t<meta name=\"twitter:data1\" content=\"LaNa-Team\" \/>\n\t<meta name=\"twitter:label2\" content=\"Gesch\u00e4tzte Lesezeit\" \/>\n\t<meta name=\"twitter:data2\" content=\"2\u00a0Minuten\" \/>\n<script type=\"application\/ld+json\" class=\"yoast-schema-graph\">{\"@context\":\"https:\/\/schema.org\",\"@graph\":[{\"@type\":\"Article\",\"@id\":\"https:\/\/www.nachbarsprachen-sachsen.eu\/lana\/blog\/allgemein\/vorgestellt-netzwerk-fuer-nachbarsprachige-bildung-9.html#article\",\"isPartOf\":{\"@id\":\"https:\/\/www.nachbarsprachen-sachsen.eu\/lana\/blog\/allgemein\/vorgestellt-netzwerk-fuer-nachbarsprachige-bildung-9.html\"},\"author\":{\"name\":\"LaNa-Team\",\"@id\":\"https:\/\/www.nachbarsprachen-sachsen.eu\/lana\/blog\/#\/schema\/person\/13239f936c7ffee5b60975f82a2531a2\"},\"headline\":\"Vorgestellt: Netzwerk f\u00fcr nachbarsprachige Bildung\",\"datePublished\":\"2026-03-13T07:06:00+00:00\",\"dateModified\":\"2026-03-13T10:48:23+00:00\",\"mainEntityOfPage\":{\"@id\":\"https:\/\/www.nachbarsprachen-sachsen.eu\/lana\/blog\/allgemein\/vorgestellt-netzwerk-fuer-nachbarsprachige-bildung-9.html\"},\"wordCount\":247,\"commentCount\":0,\"image\":{\"@id\":\"https:\/\/www.nachbarsprachen-sachsen.eu\/lana\/blog\/allgemein\/vorgestellt-netzwerk-fuer-nachbarsprachige-bildung-9.html#primaryimage\"},\"thumbnailUrl\":\"https:\/\/www.nachbarsprachen-sachsen.eu\/lana\/blog\/wp-content\/uploads\/2026\/03\/Deckblatt-Euroregion.png\",\"keywords\":[\"Euroregion Spree-Neisse-Bober\",\"Grenzraum\",\"Interreg BB-PL\",\"LaNa-Netzwerk\",\"Nachbarsprache ab der Kita\",\"Netzwerk\",\"NL1-26\"],\"articleSection\":{\"1\":\"Stimmen aus der Praxis\"},\"inLanguage\":\"de\",\"potentialAction\":[{\"@type\":\"CommentAction\",\"name\":\"Comment\",\"target\":[\"https:\/\/www.nachbarsprachen-sachsen.eu\/lana\/blog\/allgemein\/vorgestellt-netzwerk-fuer-nachbarsprachige-bildung-9.html#respond\"]}]},{\"@type\":\"WebPage\",\"@id\":\"https:\/\/www.nachbarsprachen-sachsen.eu\/lana\/blog\/allgemein\/vorgestellt-netzwerk-fuer-nachbarsprachige-bildung-9.html\",\"url\":\"https:\/\/www.nachbarsprachen-sachsen.eu\/lana\/blog\/allgemein\/vorgestellt-netzwerk-fuer-nachbarsprachige-bildung-9.html\",\"name\":\"Vorgestellt: Netzwerk f\u00fcr nachbarsprachige Bildung - Blog der S\u00e4chsischen Landesstelle f\u00fcr nachbarsprachige Bildung\",\"isPartOf\":{\"@id\":\"https:\/\/www.nachbarsprachen-sachsen.eu\/lana\/blog\/#website\"},\"primaryImageOfPage\":{\"@id\":\"https:\/\/www.nachbarsprachen-sachsen.eu\/lana\/blog\/allgemein\/vorgestellt-netzwerk-fuer-nachbarsprachige-bildung-9.html#primaryimage\"},\"image\":{\"@id\":\"https:\/\/www.nachbarsprachen-sachsen.eu\/lana\/blog\/allgemein\/vorgestellt-netzwerk-fuer-nachbarsprachige-bildung-9.html#primaryimage\"},\"thumbnailUrl\":\"https:\/\/www.nachbarsprachen-sachsen.eu\/lana\/blog\/wp-content\/uploads\/2026\/03\/Deckblatt-Euroregion.png\",\"datePublished\":\"2026-03-13T07:06:00+00:00\",\"dateModified\":\"2026-03-13T10:48:23+00:00\",\"author\":{\"@id\":\"https:\/\/www.nachbarsprachen-sachsen.eu\/lana\/blog\/#\/schema\/person\/13239f936c7ffee5b60975f82a2531a2\"},\"description\":\"Netzwerkpartner Euroregion Spree-Neisse-Bober e. V. vorgestellt - inklusive Lieblingswort auf Polnisch und gemeinsames Engagement mit LaNa.\",\"breadcrumb\":{\"@id\":\"https:\/\/www.nachbarsprachen-sachsen.eu\/lana\/blog\/allgemein\/vorgestellt-netzwerk-fuer-nachbarsprachige-bildung-9.html#breadcrumb\"},\"inLanguage\":\"de\",\"potentialAction\":[{\"@type\":\"ReadAction\",\"target\":[\"https:\/\/www.nachbarsprachen-sachsen.eu\/lana\/blog\/allgemein\/vorgestellt-netzwerk-fuer-nachbarsprachige-bildung-9.html\"]}]},{\"@type\":\"ImageObject\",\"inLanguage\":\"de\",\"@id\":\"https:\/\/www.nachbarsprachen-sachsen.eu\/lana\/blog\/allgemein\/vorgestellt-netzwerk-fuer-nachbarsprachige-bildung-9.html#primaryimage\",\"url\":\"https:\/\/www.nachbarsprachen-sachsen.eu\/lana\/blog\/wp-content\/uploads\/2026\/03\/Deckblatt-Euroregion.png\",\"contentUrl\":\"https:\/\/www.nachbarsprachen-sachsen.eu\/lana\/blog\/wp-content\/uploads\/2026\/03\/Deckblatt-Euroregion.png\",\"width\":1543,\"height\":857},{\"@type\":\"BreadcrumbList\",\"@id\":\"https:\/\/www.nachbarsprachen-sachsen.eu\/lana\/blog\/allgemein\/vorgestellt-netzwerk-fuer-nachbarsprachige-bildung-9.html#breadcrumb\",\"itemListElement\":[{\"@type\":\"ListItem\",\"position\":1,\"name\":\"Startseite\",\"item\":\"https:\/\/www.nachbarsprachen-sachsen.eu\/lana\/blog\"},{\"@type\":\"ListItem\",\"position\":2,\"name\":\"Vorgestellt: Netzwerk f\u00fcr nachbarsprachige Bildung\"}]},{\"@type\":\"WebSite\",\"@id\":\"https:\/\/www.nachbarsprachen-sachsen.eu\/lana\/blog\/#website\",\"url\":\"https:\/\/www.nachbarsprachen-sachsen.eu\/lana\/blog\/\",\"name\":\"Blog der S\u00e4chsischen Landesstelle f\u00fcr nachbarsprachige Bildung\",\"description\":\"Nachbarsprache von Anfang an!\",\"potentialAction\":[{\"@type\":\"SearchAction\",\"target\":{\"@type\":\"EntryPoint\",\"urlTemplate\":\"https:\/\/www.nachbarsprachen-sachsen.eu\/lana\/blog\/?s={search_term_string}\"},\"query-input\":{\"@type\":\"PropertyValueSpecification\",\"valueRequired\":true,\"valueName\":\"search_term_string\"}}],\"inLanguage\":\"de\"},{\"@type\":\"Person\",\"@id\":\"https:\/\/www.nachbarsprachen-sachsen.eu\/lana\/blog\/#\/schema\/person\/13239f936c7ffee5b60975f82a2531a2\",\"name\":\"LaNa-Team\",\"url\":\"https:\/\/www.nachbarsprachen-sachsen.eu\/lana\/blog\/author\/ikp-redakteur_ab\"}]}<\/script>\n<!-- \/ Yoast SEO plugin. -->","yoast_head_json":{"title":"Vorgestellt: Netzwerk f\u00fcr nachbarsprachige Bildung - Blog der S\u00e4chsischen Landesstelle f\u00fcr nachbarsprachige Bildung","description":"Netzwerkpartner Euroregion Spree-Neisse-Bober e. V. vorgestellt - inklusive Lieblingswort auf Polnisch und gemeinsames Engagement mit LaNa.","robots":{"index":"index","follow":"follow","max-snippet":"max-snippet:-1","max-image-preview":"max-image-preview:large","max-video-preview":"max-video-preview:-1"},"canonical":"https:\/\/www.nachbarsprachen-sachsen.eu\/lana\/blog\/allgemein\/vorgestellt-netzwerk-fuer-nachbarsprachige-bildung-9.html","og_locale":"de_DE","og_type":"article","og_title":"Vorgestellt: Netzwerk f\u00fcr nachbarsprachige Bildung - Blog der S\u00e4chsischen Landesstelle f\u00fcr nachbarsprachige Bildung","og_description":"Netzwerkpartner Euroregion Spree-Neisse-Bober e. V. vorgestellt - inklusive Lieblingswort auf Polnisch und gemeinsames Engagement mit LaNa.","og_url":"https:\/\/www.nachbarsprachen-sachsen.eu\/lana\/blog\/allgemein\/vorgestellt-netzwerk-fuer-nachbarsprachige-bildung-9.html","og_site_name":"Blog der S\u00e4chsischen Landesstelle f\u00fcr nachbarsprachige Bildung","article_published_time":"2026-03-13T07:06:00+00:00","article_modified_time":"2026-03-13T10:48:23+00:00","og_image":[{"width":1543,"height":857,"url":"https:\/\/www.nachbarsprachen-sachsen.eu\/lana\/blog\/wp-content\/uploads\/2026\/03\/Deckblatt-Euroregion.png","type":"image\/png"}],"author":"LaNa-Team","twitter_card":"summary_large_image","twitter_misc":{"Verfasst von":"LaNa-Team","Gesch\u00e4tzte Lesezeit":"2\u00a0Minuten"},"schema":{"@context":"https:\/\/schema.org","@graph":[{"@type":"Article","@id":"https:\/\/www.nachbarsprachen-sachsen.eu\/lana\/blog\/allgemein\/vorgestellt-netzwerk-fuer-nachbarsprachige-bildung-9.html#article","isPartOf":{"@id":"https:\/\/www.nachbarsprachen-sachsen.eu\/lana\/blog\/allgemein\/vorgestellt-netzwerk-fuer-nachbarsprachige-bildung-9.html"},"author":{"name":"LaNa-Team","@id":"https:\/\/www.nachbarsprachen-sachsen.eu\/lana\/blog\/#\/schema\/person\/13239f936c7ffee5b60975f82a2531a2"},"headline":"Vorgestellt: Netzwerk f\u00fcr nachbarsprachige Bildung","datePublished":"2026-03-13T07:06:00+00:00","dateModified":"2026-03-13T10:48:23+00:00","mainEntityOfPage":{"@id":"https:\/\/www.nachbarsprachen-sachsen.eu\/lana\/blog\/allgemein\/vorgestellt-netzwerk-fuer-nachbarsprachige-bildung-9.html"},"wordCount":247,"commentCount":0,"image":{"@id":"https:\/\/www.nachbarsprachen-sachsen.eu\/lana\/blog\/allgemein\/vorgestellt-netzwerk-fuer-nachbarsprachige-bildung-9.html#primaryimage"},"thumbnailUrl":"https:\/\/www.nachbarsprachen-sachsen.eu\/lana\/blog\/wp-content\/uploads\/2026\/03\/Deckblatt-Euroregion.png","keywords":["Euroregion Spree-Neisse-Bober","Grenzraum","Interreg BB-PL","LaNa-Netzwerk","Nachbarsprache ab der Kita","Netzwerk","NL1-26"],"articleSection":{"1":"Stimmen aus der Praxis"},"inLanguage":"de","potentialAction":[{"@type":"CommentAction","name":"Comment","target":["https:\/\/www.nachbarsprachen-sachsen.eu\/lana\/blog\/allgemein\/vorgestellt-netzwerk-fuer-nachbarsprachige-bildung-9.html#respond"]}]},{"@type":"WebPage","@id":"https:\/\/www.nachbarsprachen-sachsen.eu\/lana\/blog\/allgemein\/vorgestellt-netzwerk-fuer-nachbarsprachige-bildung-9.html","url":"https:\/\/www.nachbarsprachen-sachsen.eu\/lana\/blog\/allgemein\/vorgestellt-netzwerk-fuer-nachbarsprachige-bildung-9.html","name":"Vorgestellt: Netzwerk f\u00fcr nachbarsprachige Bildung - Blog der S\u00e4chsischen Landesstelle f\u00fcr nachbarsprachige Bildung","isPartOf":{"@id":"https:\/\/www.nachbarsprachen-sachsen.eu\/lana\/blog\/#website"},"primaryImageOfPage":{"@id":"https:\/\/www.nachbarsprachen-sachsen.eu\/lana\/blog\/allgemein\/vorgestellt-netzwerk-fuer-nachbarsprachige-bildung-9.html#primaryimage"},"image":{"@id":"https:\/\/www.nachbarsprachen-sachsen.eu\/lana\/blog\/allgemein\/vorgestellt-netzwerk-fuer-nachbarsprachige-bildung-9.html#primaryimage"},"thumbnailUrl":"https:\/\/www.nachbarsprachen-sachsen.eu\/lana\/blog\/wp-content\/uploads\/2026\/03\/Deckblatt-Euroregion.png","datePublished":"2026-03-13T07:06:00+00:00","dateModified":"2026-03-13T10:48:23+00:00","author":{"@id":"https:\/\/www.nachbarsprachen-sachsen.eu\/lana\/blog\/#\/schema\/person\/13239f936c7ffee5b60975f82a2531a2"},"description":"Netzwerkpartner Euroregion Spree-Neisse-Bober e. V. vorgestellt - inklusive Lieblingswort auf Polnisch und gemeinsames Engagement mit LaNa.","breadcrumb":{"@id":"https:\/\/www.nachbarsprachen-sachsen.eu\/lana\/blog\/allgemein\/vorgestellt-netzwerk-fuer-nachbarsprachige-bildung-9.html#breadcrumb"},"inLanguage":"de","potentialAction":[{"@type":"ReadAction","target":["https:\/\/www.nachbarsprachen-sachsen.eu\/lana\/blog\/allgemein\/vorgestellt-netzwerk-fuer-nachbarsprachige-bildung-9.html"]}]},{"@type":"ImageObject","inLanguage":"de","@id":"https:\/\/www.nachbarsprachen-sachsen.eu\/lana\/blog\/allgemein\/vorgestellt-netzwerk-fuer-nachbarsprachige-bildung-9.html#primaryimage","url":"https:\/\/www.nachbarsprachen-sachsen.eu\/lana\/blog\/wp-content\/uploads\/2026\/03\/Deckblatt-Euroregion.png","contentUrl":"https:\/\/www.nachbarsprachen-sachsen.eu\/lana\/blog\/wp-content\/uploads\/2026\/03\/Deckblatt-Euroregion.png","width":1543,"height":857},{"@type":"BreadcrumbList","@id":"https:\/\/www.nachbarsprachen-sachsen.eu\/lana\/blog\/allgemein\/vorgestellt-netzwerk-fuer-nachbarsprachige-bildung-9.html#breadcrumb","itemListElement":[{"@type":"ListItem","position":1,"name":"Startseite","item":"https:\/\/www.nachbarsprachen-sachsen.eu\/lana\/blog"},{"@type":"ListItem","position":2,"name":"Vorgestellt: Netzwerk f\u00fcr nachbarsprachige Bildung"}]},{"@type":"WebSite","@id":"https:\/\/www.nachbarsprachen-sachsen.eu\/lana\/blog\/#website","url":"https:\/\/www.nachbarsprachen-sachsen.eu\/lana\/blog\/","name":"Blog der S\u00e4chsischen Landesstelle f\u00fcr nachbarsprachige Bildung","description":"Nachbarsprache von Anfang an!","potentialAction":[{"@type":"SearchAction","target":{"@type":"EntryPoint","urlTemplate":"https:\/\/www.nachbarsprachen-sachsen.eu\/lana\/blog\/?s={search_term_string}"},"query-input":{"@type":"PropertyValueSpecification","valueRequired":true,"valueName":"search_term_string"}}],"inLanguage":"de"},{"@type":"Person","@id":"https:\/\/www.nachbarsprachen-sachsen.eu\/lana\/blog\/#\/schema\/person\/13239f936c7ffee5b60975f82a2531a2","name":"LaNa-Team","url":"https:\/\/www.nachbarsprachen-sachsen.eu\/lana\/blog\/author\/ikp-redakteur_ab"}]}},"jetpack_featured_media_url":"https:\/\/www.nachbarsprachen-sachsen.eu\/lana\/blog\/wp-content\/uploads\/2026\/03\/Deckblatt-Euroregion.png","_links":{"self":[{"href":"https:\/\/www.nachbarsprachen-sachsen.eu\/lana\/blog\/wp-json\/wp\/v2\/posts\/9887","targetHints":{"allow":["GET"]}}],"collection":[{"href":"https:\/\/www.nachbarsprachen-sachsen.eu\/lana\/blog\/wp-json\/wp\/v2\/posts"}],"about":[{"href":"https:\/\/www.nachbarsprachen-sachsen.eu\/lana\/blog\/wp-json\/wp\/v2\/types\/post"}],"author":[{"embeddable":true,"href":"https:\/\/www.nachbarsprachen-sachsen.eu\/lana\/blog\/wp-json\/wp\/v2\/users\/7"}],"replies":[{"embeddable":true,"href":"https:\/\/www.nachbarsprachen-sachsen.eu\/lana\/blog\/wp-json\/wp\/v2\/comments?post=9887"}],"version-history":[{"count":1,"href":"https:\/\/www.nachbarsprachen-sachsen.eu\/lana\/blog\/wp-json\/wp\/v2\/posts\/9887\/revisions"}],"predecessor-version":[{"id":9889,"href":"https:\/\/www.nachbarsprachen-sachsen.eu\/lana\/blog\/wp-json\/wp\/v2\/posts\/9887\/revisions\/9889"}],"wp:featuredmedia":[{"embeddable":true,"href":"https:\/\/www.nachbarsprachen-sachsen.eu\/lana\/blog\/wp-json\/wp\/v2\/media\/9888"}],"wp:attachment":[{"href":"https:\/\/www.nachbarsprachen-sachsen.eu\/lana\/blog\/wp-json\/wp\/v2\/media?parent=9887"}],"wp:term":[{"taxonomy":"category","embeddable":true,"href":"https:\/\/www.nachbarsprachen-sachsen.eu\/lana\/blog\/wp-json\/wp\/v2\/categories?post=9887"},{"taxonomy":"post_tag","embeddable":true,"href":"https:\/\/www.nachbarsprachen-sachsen.eu\/lana\/blog\/wp-json\/wp\/v2\/tags?post=9887"}],"curies":[{"name":"wp","href":"https:\/\/api.w.org\/{rel}","templated":true}]}}