{"id":8471,"date":"2026-04-28T07:55:19","date_gmt":"2026-04-28T05:55:19","guid":{"rendered":"https:\/\/www.nachbarsprachen-sachsen.eu\/lana\/blog\/?p=8471"},"modified":"2026-04-28T07:55:19","modified_gmt":"2026-04-28T05:55:19","slug":"mitmachen-bei-feier-zum-europatag-am-27-04-2024","status":"publish","type":"post","link":"https:\/\/www.nachbarsprachen-sachsen.eu\/lana\/blog\/veranstaltungen\/mitmachen-bei-feier-zum-europatag-am-27-04-2024.html","title":{"rendered":"Mitmachen bei Feier zum Europatag am 27.04.2024"},"content":{"rendered":"\n<p>Sind Sie als Einrichtung, Initiative oder Einzelperson im Alltag oder Ehrenamt t\u00e4tig im Bereich Europabildung und grenz\u00fcberschreitende Zusammenarbeit zwischen Sachsen, Polen und Tschechien? Dann d\u00fcrfen Sie als Akteurin oder Akteur bei der <strong>Feier des Europatages am 27.04.2023 rund um den <a href=\"https:\/\/www.zittauer-gebirge.com\/de\/dreilaenderregion\" target=\"_blank\" rel=\"noreferrer noopener\">Dreil\u00e4nderpunkt \u2013 Trojzemi &#8211; Granica 3 pa\u0144stw bei Zittau<\/a><\/strong> nicht fehlen. Zum einen ist 2024 ein besonderes Jahr f\u00fcr die Demokratie \u2013 u. a. finden dieses Jahr am 09.06.24 die Europawahl und, neben anderen, am 01.09.24 die Wahl f\u00fcr den S\u00e4chsischen Landtag statt, deren Ergebnisse unser aller Zukunft beeinflussen werden. Zum anderen j\u00e4hrt sich in diesem Jahr der Beitritt Polens und Tschechiens zur Europ\u00e4ischen Union zum zwanzigsten Mal. 2004 wurden unsere beiden Nachbarl\u00e4nder im Rahmen der bislang gr\u00f6\u00dften EU-Erweiterung zu Mitgliedsstaaten, Schon damals wurde dies am Dreil\u00e4nderpunkt zentral gefeiert.<\/p>\n\n\n\n<!--more-->\n\n\n\n<p>Und so gibt es 2024 viel Grund Europa und die vielf\u00e4ltigen Errungenschaften und Werte der Union gemeinsam mit unseren Nachbarinnen und Nachbarn am gemeinsamen Dreil\u00e4nderpunkt zu feiern.<\/p>\n\n\n\n<h3 class=\"wp-block-heading\"><strong>Wer steht hinter dem Europatag 2024?<\/strong><\/h3>\n\n\n\n<p>Gemeinsam mit dem <a href=\"https:\/\/zittau.de\/unsere-stadt\/staedteverbund-kleines-dreieck\" target=\"_blank\" rel=\"noreferrer noopener\">St\u00e4dteverbund Zittau, Bogatynia und Hr\u00e1dek n.N.<\/a>, den im Dreil\u00e4ndereck ans\u00e4ssigen <a href=\"https:\/\/germany.representation.ec.europa.eu\/kontaktieren-sie-uns\/europe-direct-deutschland\/europe-direct-finden-sie-eine-eu-informationsstelle-ihrer-nahe_de\" target=\"_blank\" rel=\"noreferrer noopener\">Europe Direct Zentren<\/a> und dem <a href=\"https:\/\/www.sachsen.de\/\" target=\"_blank\" rel=\"noreferrer noopener\">Land Sachsen<\/a> l\u00e4dt das <a href=\"https:\/\/berlin.europarl.europa.eu\/de\" target=\"_blank\" rel=\"noreferrer noopener\">Verbindungsb\u00fcro des Europ\u00e4ischen Parlaments<\/a>, die Vertretung der Europ\u00e4ischen Kommission in Deutschland und die Europ\u00e4ische Investitionsbank mit ihren Kolleginnen und Kollegen aus Polen und Tschechien zum Europatag 2024 am 27.04.24 an den deut6sch-polnisch-tschechischen Dreil\u00e4nderpunkt ein.<\/p>\n\n\n\n<h3 class=\"wp-block-heading\"><strong>Melden Sie Ihr Interesse zeitnah an!<\/strong><\/h3>\n\n\n\n<p>Wenn Sie eine Mitmachaktion umsetzen oder sich mit einem Informationsstand am 27.04.2024 pr\u00e4sentieren wollen, dann melden Sie Ihr Interesse und konkreten Vorhaben bis <strong>sp\u00e4testens zum 23.02.2024<\/strong> an die <a href=\"https:\/\/artecom-event.de\/\" target=\"_blank\" rel=\"noreferrer noopener\">Agentur artecom in Berlin<\/a>. Artecom ist verantwortlich f\u00fcr die Organisation rund um den Europatag. Kontakt: <a href=\"mailto:europatag@artecom-event.de\">europatag@artecom-e<\/a><a href=\"mailto:europatag@artecom-event.de\" target=\"_blank\" rel=\"noreferrer noopener\">vent.de<\/a>.<\/p>\n\n\n\n<p><strong>Mehr Informationen zum Europatag gibt es in K\u00fcrze \u00fcber die <a href=\"https:\/\/zittau.de\/\" target=\"_blank\" rel=\"noreferrer noopener\">Homepage der Stadt Zittau<\/a>. Soviel steht schon heute fest: Wir als LaNa sind dabei \u2013 wir sehen uns!<\/strong><\/p>\n\n\n\n<p>Foto: <a href=\"https:\/\/europatag-erzgebirge.com\" target=\"_blank\" rel=\"noreferrer noopener\">https:\/\/europatag-erzgebirge.com<\/a><\/p>\n","protected":false},"excerpt":{"rendered":"<p>Sind Sie als Einrichtung, Initiative oder Einzelperson im Alltag oder Ehrenamt t\u00e4tig im Bereich Europabildung und grenz\u00fcberschreitende Zusammenarbeit zwischen Sachsen, Polen und Tschechien? Dann d\u00fcrfen Sie als Akteurin oder Akteur bei der Feier des Europatages am 27.04.2023 rund um den Dreil\u00e4nderpunkt \u2013 Trojzemi &#8211; Granica 3 pa\u0144stw bei Zittau nicht fehlen. Zum einen ist 2024 &hellip; <a href=\"https:\/\/www.nachbarsprachen-sachsen.eu\/lana\/blog\/veranstaltungen\/mitmachen-bei-feier-zum-europatag-am-27-04-2024.html\" class=\"more-link\"><span class=\"screen-reader-text\">Mitmachen bei Feier zum Europatag am 27.04.2024<\/span> weiterlesen<\/a><\/p>\n","protected":false},"author":7,"featured_media":0,"comment_status":"open","ping_status":"open","sticky":false,"template":"","format":"standard","meta":{"footnotes":""},"categories":[1,42],"tags":[1741,780,657,1683,1740,1490,132],"class_list":["post-8471","post","type-post","status-publish","format-standard","hentry","category-allgemein","category-veranstaltungen","tag-dreilaenderpunkt","tag-dreilaenderregion","tag-europa","tag-europabildung","tag-europafest","tag-europatag","tag-zittau"],"yoast_head":"<!-- This site is optimized with the Yoast SEO plugin v26.9 - https:\/\/yoast.com\/product\/yoast-seo-wordpress\/ -->\n<title>Mitmachen bei Feier zum Europatag am 27.04.2024 - Blog der S\u00e4chsischen Landesstelle f\u00fcr nachbarsprachige Bildung<\/title>\n<meta name=\"description\" content=\"Einrichtungen, Initiativen und Einzelpersonen der Europabildung und grenz\u00fcberschreitende Zusammenarbeit sind gefragt am 27.04.2024!\" \/>\n<meta name=\"robots\" content=\"index, follow, max-snippet:-1, max-image-preview:large, max-video-preview:-1\" \/>\n<link rel=\"canonical\" href=\"https:\/\/www.nachbarsprachen-sachsen.eu\/lana\/blog\/allgemein\/mitmachen-bei-feier-zum-europatag-am-27-04-2024.html\" \/>\n<meta property=\"og:locale\" content=\"de_DE\" \/>\n<meta property=\"og:type\" content=\"article\" \/>\n<meta property=\"og:title\" content=\"Mitmachen bei Feier zum Europatag am 27.04.2024 - Blog der S\u00e4chsischen Landesstelle f\u00fcr nachbarsprachige Bildung\" \/>\n<meta property=\"og:description\" content=\"Einrichtungen, Initiativen und Einzelpersonen der Europabildung und grenz\u00fcberschreitende Zusammenarbeit sind gefragt am 27.04.2024!\" \/>\n<meta property=\"og:url\" content=\"https:\/\/www.nachbarsprachen-sachsen.eu\/lana\/blog\/allgemein\/mitmachen-bei-feier-zum-europatag-am-27-04-2024.html\" \/>\n<meta property=\"og:site_name\" content=\"Blog der S\u00e4chsischen Landesstelle f\u00fcr nachbarsprachige Bildung\" \/>\n<meta property=\"article:published_time\" content=\"2026-04-28T05:55:19+00:00\" \/>\n<meta name=\"author\" content=\"LaNa-Team\" \/>\n<meta name=\"twitter:card\" content=\"summary_large_image\" \/>\n<meta name=\"twitter:label1\" content=\"Verfasst von\" \/>\n\t<meta name=\"twitter:data1\" content=\"LaNa-Team\" \/>\n\t<meta name=\"twitter:label2\" content=\"Gesch\u00e4tzte Lesezeit\" \/>\n\t<meta name=\"twitter:data2\" content=\"2\u00a0Minuten\" \/>\n<script type=\"application\/ld+json\" class=\"yoast-schema-graph\">{\"@context\":\"https:\/\/schema.org\",\"@graph\":[{\"@type\":\"Article\",\"@id\":\"https:\/\/www.nachbarsprachen-sachsen.eu\/lana\/blog\/allgemein\/mitmachen-bei-feier-zum-europatag-am-27-04-2024.html#article\",\"isPartOf\":{\"@id\":\"https:\/\/www.nachbarsprachen-sachsen.eu\/lana\/blog\/allgemein\/mitmachen-bei-feier-zum-europatag-am-27-04-2024.html\"},\"author\":{\"name\":\"LaNa-Team\",\"@id\":\"https:\/\/www.nachbarsprachen-sachsen.eu\/lana\/blog\/#\/schema\/person\/13239f936c7ffee5b60975f82a2531a2\"},\"headline\":\"Mitmachen bei Feier zum Europatag am 27.04.2024\",\"datePublished\":\"2026-04-28T05:55:19+00:00\",\"mainEntityOfPage\":{\"@id\":\"https:\/\/www.nachbarsprachen-sachsen.eu\/lana\/blog\/allgemein\/mitmachen-bei-feier-zum-europatag-am-27-04-2024.html\"},\"wordCount\":325,\"commentCount\":0,\"keywords\":[\"Dreil\u00e4nderpunkt\",\"Dreil\u00e4nderregion\",\"Europa\",\"Europabildung\",\"Europafest\",\"Europatag\",\"Zittau\"],\"articleSection\":{\"1\":\"Veranstaltungen\"},\"inLanguage\":\"de\",\"potentialAction\":[{\"@type\":\"CommentAction\",\"name\":\"Comment\",\"target\":[\"https:\/\/www.nachbarsprachen-sachsen.eu\/lana\/blog\/allgemein\/mitmachen-bei-feier-zum-europatag-am-27-04-2024.html#respond\"]}]},{\"@type\":\"WebPage\",\"@id\":\"https:\/\/www.nachbarsprachen-sachsen.eu\/lana\/blog\/allgemein\/mitmachen-bei-feier-zum-europatag-am-27-04-2024.html\",\"url\":\"https:\/\/www.nachbarsprachen-sachsen.eu\/lana\/blog\/allgemein\/mitmachen-bei-feier-zum-europatag-am-27-04-2024.html\",\"name\":\"Mitmachen bei Feier zum Europatag am 27.04.2024 - Blog der S\u00e4chsischen Landesstelle f\u00fcr nachbarsprachige Bildung\",\"isPartOf\":{\"@id\":\"https:\/\/www.nachbarsprachen-sachsen.eu\/lana\/blog\/#website\"},\"datePublished\":\"2026-04-28T05:55:19+00:00\",\"author\":{\"@id\":\"https:\/\/www.nachbarsprachen-sachsen.eu\/lana\/blog\/#\/schema\/person\/13239f936c7ffee5b60975f82a2531a2\"},\"description\":\"Einrichtungen, Initiativen und Einzelpersonen der Europabildung und grenz\u00fcberschreitende Zusammenarbeit sind gefragt am 27.04.2024!\",\"breadcrumb\":{\"@id\":\"https:\/\/www.nachbarsprachen-sachsen.eu\/lana\/blog\/allgemein\/mitmachen-bei-feier-zum-europatag-am-27-04-2024.html#breadcrumb\"},\"inLanguage\":\"de\",\"potentialAction\":[{\"@type\":\"ReadAction\",\"target\":[\"https:\/\/www.nachbarsprachen-sachsen.eu\/lana\/blog\/allgemein\/mitmachen-bei-feier-zum-europatag-am-27-04-2024.html\"]}]},{\"@type\":\"BreadcrumbList\",\"@id\":\"https:\/\/www.nachbarsprachen-sachsen.eu\/lana\/blog\/allgemein\/mitmachen-bei-feier-zum-europatag-am-27-04-2024.html#breadcrumb\",\"itemListElement\":[{\"@type\":\"ListItem\",\"position\":1,\"name\":\"Startseite\",\"item\":\"https:\/\/www.nachbarsprachen-sachsen.eu\/lana\/blog\"},{\"@type\":\"ListItem\",\"position\":2,\"name\":\"Mitmachen bei Feier zum Europatag am 27.04.2024\"}]},{\"@type\":\"WebSite\",\"@id\":\"https:\/\/www.nachbarsprachen-sachsen.eu\/lana\/blog\/#website\",\"url\":\"https:\/\/www.nachbarsprachen-sachsen.eu\/lana\/blog\/\",\"name\":\"Blog der S\u00e4chsischen Landesstelle f\u00fcr nachbarsprachige Bildung\",\"description\":\"Nachbarsprache von Anfang an!\",\"potentialAction\":[{\"@type\":\"SearchAction\",\"target\":{\"@type\":\"EntryPoint\",\"urlTemplate\":\"https:\/\/www.nachbarsprachen-sachsen.eu\/lana\/blog\/?s={search_term_string}\"},\"query-input\":{\"@type\":\"PropertyValueSpecification\",\"valueRequired\":true,\"valueName\":\"search_term_string\"}}],\"inLanguage\":\"de\"},{\"@type\":\"Person\",\"@id\":\"https:\/\/www.nachbarsprachen-sachsen.eu\/lana\/blog\/#\/schema\/person\/13239f936c7ffee5b60975f82a2531a2\",\"name\":\"LaNa-Team\",\"url\":\"https:\/\/www.nachbarsprachen-sachsen.eu\/lana\/blog\/author\/ikp-redakteur_ab\"}]}<\/script>\n<!-- \/ Yoast SEO plugin. -->","yoast_head_json":{"title":"Mitmachen bei Feier zum Europatag am 27.04.2024 - Blog der S\u00e4chsischen Landesstelle f\u00fcr nachbarsprachige Bildung","description":"Einrichtungen, Initiativen und Einzelpersonen der Europabildung und grenz\u00fcberschreitende Zusammenarbeit sind gefragt am 27.04.2024!","robots":{"index":"index","follow":"follow","max-snippet":"max-snippet:-1","max-image-preview":"max-image-preview:large","max-video-preview":"max-video-preview:-1"},"canonical":"https:\/\/www.nachbarsprachen-sachsen.eu\/lana\/blog\/allgemein\/mitmachen-bei-feier-zum-europatag-am-27-04-2024.html","og_locale":"de_DE","og_type":"article","og_title":"Mitmachen bei Feier zum Europatag am 27.04.2024 - Blog der S\u00e4chsischen Landesstelle f\u00fcr nachbarsprachige Bildung","og_description":"Einrichtungen, Initiativen und Einzelpersonen der Europabildung und grenz\u00fcberschreitende Zusammenarbeit sind gefragt am 27.04.2024!","og_url":"https:\/\/www.nachbarsprachen-sachsen.eu\/lana\/blog\/allgemein\/mitmachen-bei-feier-zum-europatag-am-27-04-2024.html","og_site_name":"Blog der S\u00e4chsischen Landesstelle f\u00fcr nachbarsprachige Bildung","article_published_time":"2026-04-28T05:55:19+00:00","author":"LaNa-Team","twitter_card":"summary_large_image","twitter_misc":{"Verfasst von":"LaNa-Team","Gesch\u00e4tzte Lesezeit":"2\u00a0Minuten"},"schema":{"@context":"https:\/\/schema.org","@graph":[{"@type":"Article","@id":"https:\/\/www.nachbarsprachen-sachsen.eu\/lana\/blog\/allgemein\/mitmachen-bei-feier-zum-europatag-am-27-04-2024.html#article","isPartOf":{"@id":"https:\/\/www.nachbarsprachen-sachsen.eu\/lana\/blog\/allgemein\/mitmachen-bei-feier-zum-europatag-am-27-04-2024.html"},"author":{"name":"LaNa-Team","@id":"https:\/\/www.nachbarsprachen-sachsen.eu\/lana\/blog\/#\/schema\/person\/13239f936c7ffee5b60975f82a2531a2"},"headline":"Mitmachen bei Feier zum Europatag am 27.04.2024","datePublished":"2026-04-28T05:55:19+00:00","mainEntityOfPage":{"@id":"https:\/\/www.nachbarsprachen-sachsen.eu\/lana\/blog\/allgemein\/mitmachen-bei-feier-zum-europatag-am-27-04-2024.html"},"wordCount":325,"commentCount":0,"keywords":["Dreil\u00e4nderpunkt","Dreil\u00e4nderregion","Europa","Europabildung","Europafest","Europatag","Zittau"],"articleSection":{"1":"Veranstaltungen"},"inLanguage":"de","potentialAction":[{"@type":"CommentAction","name":"Comment","target":["https:\/\/www.nachbarsprachen-sachsen.eu\/lana\/blog\/allgemein\/mitmachen-bei-feier-zum-europatag-am-27-04-2024.html#respond"]}]},{"@type":"WebPage","@id":"https:\/\/www.nachbarsprachen-sachsen.eu\/lana\/blog\/allgemein\/mitmachen-bei-feier-zum-europatag-am-27-04-2024.html","url":"https:\/\/www.nachbarsprachen-sachsen.eu\/lana\/blog\/allgemein\/mitmachen-bei-feier-zum-europatag-am-27-04-2024.html","name":"Mitmachen bei Feier zum Europatag am 27.04.2024 - Blog der S\u00e4chsischen Landesstelle f\u00fcr nachbarsprachige Bildung","isPartOf":{"@id":"https:\/\/www.nachbarsprachen-sachsen.eu\/lana\/blog\/#website"},"datePublished":"2026-04-28T05:55:19+00:00","author":{"@id":"https:\/\/www.nachbarsprachen-sachsen.eu\/lana\/blog\/#\/schema\/person\/13239f936c7ffee5b60975f82a2531a2"},"description":"Einrichtungen, Initiativen und Einzelpersonen der Europabildung und grenz\u00fcberschreitende Zusammenarbeit sind gefragt am 27.04.2024!","breadcrumb":{"@id":"https:\/\/www.nachbarsprachen-sachsen.eu\/lana\/blog\/allgemein\/mitmachen-bei-feier-zum-europatag-am-27-04-2024.html#breadcrumb"},"inLanguage":"de","potentialAction":[{"@type":"ReadAction","target":["https:\/\/www.nachbarsprachen-sachsen.eu\/lana\/blog\/allgemein\/mitmachen-bei-feier-zum-europatag-am-27-04-2024.html"]}]},{"@type":"BreadcrumbList","@id":"https:\/\/www.nachbarsprachen-sachsen.eu\/lana\/blog\/allgemein\/mitmachen-bei-feier-zum-europatag-am-27-04-2024.html#breadcrumb","itemListElement":[{"@type":"ListItem","position":1,"name":"Startseite","item":"https:\/\/www.nachbarsprachen-sachsen.eu\/lana\/blog"},{"@type":"ListItem","position":2,"name":"Mitmachen bei Feier zum Europatag am 27.04.2024"}]},{"@type":"WebSite","@id":"https:\/\/www.nachbarsprachen-sachsen.eu\/lana\/blog\/#website","url":"https:\/\/www.nachbarsprachen-sachsen.eu\/lana\/blog\/","name":"Blog der S\u00e4chsischen Landesstelle f\u00fcr nachbarsprachige Bildung","description":"Nachbarsprache von Anfang an!","potentialAction":[{"@type":"SearchAction","target":{"@type":"EntryPoint","urlTemplate":"https:\/\/www.nachbarsprachen-sachsen.eu\/lana\/blog\/?s={search_term_string}"},"query-input":{"@type":"PropertyValueSpecification","valueRequired":true,"valueName":"search_term_string"}}],"inLanguage":"de"},{"@type":"Person","@id":"https:\/\/www.nachbarsprachen-sachsen.eu\/lana\/blog\/#\/schema\/person\/13239f936c7ffee5b60975f82a2531a2","name":"LaNa-Team","url":"https:\/\/www.nachbarsprachen-sachsen.eu\/lana\/blog\/author\/ikp-redakteur_ab"}]}},"jetpack_featured_media_url":"","_links":{"self":[{"href":"https:\/\/www.nachbarsprachen-sachsen.eu\/lana\/blog\/wp-json\/wp\/v2\/posts\/8471","targetHints":{"allow":["GET"]}}],"collection":[{"href":"https:\/\/www.nachbarsprachen-sachsen.eu\/lana\/blog\/wp-json\/wp\/v2\/posts"}],"about":[{"href":"https:\/\/www.nachbarsprachen-sachsen.eu\/lana\/blog\/wp-json\/wp\/v2\/types\/post"}],"author":[{"embeddable":true,"href":"https:\/\/www.nachbarsprachen-sachsen.eu\/lana\/blog\/wp-json\/wp\/v2\/users\/7"}],"replies":[{"embeddable":true,"href":"https:\/\/www.nachbarsprachen-sachsen.eu\/lana\/blog\/wp-json\/wp\/v2\/comments?post=8471"}],"version-history":[{"count":1,"href":"https:\/\/www.nachbarsprachen-sachsen.eu\/lana\/blog\/wp-json\/wp\/v2\/posts\/8471\/revisions"}],"predecessor-version":[{"id":8472,"href":"https:\/\/www.nachbarsprachen-sachsen.eu\/lana\/blog\/wp-json\/wp\/v2\/posts\/8471\/revisions\/8472"}],"wp:attachment":[{"href":"https:\/\/www.nachbarsprachen-sachsen.eu\/lana\/blog\/wp-json\/wp\/v2\/media?parent=8471"}],"wp:term":[{"taxonomy":"category","embeddable":true,"href":"https:\/\/www.nachbarsprachen-sachsen.eu\/lana\/blog\/wp-json\/wp\/v2\/categories?post=8471"},{"taxonomy":"post_tag","embeddable":true,"href":"https:\/\/www.nachbarsprachen-sachsen.eu\/lana\/blog\/wp-json\/wp\/v2\/tags?post=8471"}],"curies":[{"name":"wp","href":"https:\/\/api.w.org\/{rel}","templated":true}]}}