{"id":10183,"date":"2026-09-04T10:05:00","date_gmt":"2026-09-04T08:05:00","guid":{"rendered":"https:\/\/www.nachbarsprachen-sachsen.eu\/lana\/blog\/?p=10183"},"modified":"2026-09-04T10:03:15","modified_gmt":"2026-09-04T08:03:15","slug":"s-p-r-a-c-h-b-e-g-l-e-i-t-u-n-g-tschechisch-ja-mit-radka","status":"publish","type":"post","link":"https:\/\/www.nachbarsprachen-sachsen.eu\/lana\/blog\/stimmen-aus-der-praxis\/s-p-r-a-c-h-b-e-g-l-e-i-t-u-n-g-tschechisch-ja-mit-radka.html","title":{"rendered":"S-p-r-a-c-h-b-e-g-l-e-i-t-u-n-g Tschechisch? Ja, mit Radka!"},"content":{"rendered":"\n<p class=\"wp-block-paragraph\">Radka Ciesielski arbeitet seit Juni 2026 als Sprachbegleiterin im deutsch-tschechischen Projekt <a href=\"https:\/\/www.nachbarsprachen-sachsen.eu\/de\/sn-cz-2021-2027.html\" target=\"_blank\" rel=\"noreferrer noopener\">\u201eNachbarsprache von Anfang an!\u201c <\/a>in f\u00fcnf Kitas auf der s\u00e4chsischen Seite der <a href=\"https:\/\/www.elbelabe.eu\/\">Euroregion Elbe\/Labe<\/a>, in der S\u00e4chsischen Schweiz und im Erzgebirge. Sie ist von Beruf Erzieherin und Sonderp\u00e4dagogin. Radka stammt aus Tschechien und lebt bereits seit 16 Jahren mit ihrer Familie in Dresden. Ihre Kinder sind in Deutschland geboren, aber die tschechischen Wurzeln, die tschechische Sprache und Kultur sind im Alltag der Familie stets pr\u00e4sent. Sie mag Musik, spielt verschiedene Musikinstrumente und ist gerne kreativ.<\/p>\n\n\n\n<p class=\"wp-block-paragraph\">Radka besuchte mit Ihren Kindern eine Eltern-Kind Gruppe, wo sie sich mit anderen zweisprachigen Familien traf und ihre Erfahrungen zur Sprachf\u00f6rderung von Kindern austauschte. Sie leitete diese Gruppe auch f\u00fcr mehrere Jahre. Als Sprachbegleiterin kann sie jetzt jeden Tag ihre Kenntnisse in der Euroregion Elbe\/Labe weitergeben.<\/p>\n\n\n\n<!--more-->\n\n\n\n<h3 class=\"wp-block-heading\">Wo und wie ist Radka im Einsatz?<\/h3>\n\n\n\n<p class=\"wp-block-paragraph\">Heute berichtet sie von ihren Erlebnissen aus der <a href=\"https:\/\/www.kita-altenberg.de\/verzeichnis\/visitenkarte.php?mandat=107164\" target=\"_blank\" rel=\"noreferrer noopener\">Kita Sonnenschein in Geising<\/a>. Dort arbeitet sie zurzeit mit neun Kindern, aber ihr Besuch im Kindergarten beeinflusst auch andere Kinder und Erzieher aus anderen Gruppen. Die Kinder dort sind sehr interessiert und sind immer sehr gespannt, was Radka f\u00fcr sie mitgebracht hat. Sie lieben es, wenn Geschichten mit Bildern oder Bilderb\u00fcchern erz\u00e4hlt werden, besonders \u201eDer kleine Maulwurf\u201c ist beliebt. Herrlich ist es, wie kleine Kinder ohne Scheu und \u00dcberlegung tschechische Worte nachsprechen k\u00f6nnen.\u00a0Gerade bereiten sie sich auf das Treffen mit ihrer Partner-Kita aus Tschechien aus der Stadt Krupka vor. Das ist ein Ort, der nur 20 Minuten Autofahrt entfernt liegt. Sie \u00fcben flei\u00dfig ein Lied, das sie dann gemeinsam singen k\u00f6nnen und lernen die tschechischen Namen der Zutaten f\u00fcr einen Obstsalat, den sie gemeinsam zubereiten wollen. Letzten Freitag haben sie auch einen Brief an die tschechischen Kinder gemalt und geschickt.<\/p>\n\n\n\n<p class=\"wp-block-paragraph\">Radka sp\u00fcrt die gro\u00dfe Bedeutung des Projekts <a href=\"https:\/\/www.nachbarsprachen-sachsen.eu\/de\/sn-cz-2021-2027.html\" target=\"_blank\" rel=\"noreferrer noopener\">\u201eNachbarsprache von Anfang!\u201c<\/a> jeden Tag aufs Neue: \u201eEs er\u00f6ffnet viele M\u00f6glichkeiten, schafft Begegnungen, beeinflusst viele Familien und legt wichtige Grundsteine f\u00fcr das weitere Leben der Kinder.\u201c\u00a0<\/p>\n\n\n\n<p class=\"wp-block-paragraph\"><\/p>\n","protected":false},"excerpt":{"rendered":"<p>Radka Ciesielski arbeitet seit Juni 2026 als Sprachbegleiterin im deutsch-tschechischen Projekt \u201eNachbarsprache von Anfang an!\u201c in f\u00fcnf Kitas auf der s\u00e4chsischen Seite der Euroregion Elbe\/Labe, in der S\u00e4chsischen Schweiz und im Erzgebirge. Sie ist von Beruf Erzieherin und Sonderp\u00e4dagogin. Radka stammt aus Tschechien und lebt bereits seit 16 Jahren mit ihrer Familie in Dresden. Ihre &hellip; <a href=\"https:\/\/www.nachbarsprachen-sachsen.eu\/lana\/blog\/stimmen-aus-der-praxis\/s-p-r-a-c-h-b-e-g-l-e-i-t-u-n-g-tschechisch-ja-mit-radka.html\" class=\"more-link\"><span class=\"screen-reader-text\">S-p-r-a-c-h-b-e-g-l-e-i-t-u-n-g Tschechisch? Ja, mit Radka!<\/span> weiterlesen<\/a><\/p>\n","protected":false},"author":7,"featured_media":10184,"comment_status":"open","ping_status":"open","sticky":false,"template":"","format":"standard","meta":{"footnotes":""},"categories":[1,3,4,5,46],"tags":[35,711,6,1563,1052,8],"class_list":["post-10183","post","type-post","status-publish","format-standard","has-post-thumbnail","hentry","category-allgemein","category-eltern","category-kitas","category-schon-gewusst","category-stimmen-aus-der-praxis","tag-immersion","tag-interreg","tag-nachbarsprache","tag-sachsen-tschechien","tag-sprachbad","tag-tschechisch"],"yoast_head":"<!-- This site is optimized with the Yoast SEO plugin v28.2 - https:\/\/yoast.com\/product\/yoast-seo-wordpress\/ -->\n<title>S-p-r-a-c-h-b-e-g-l-e-i-t-u-n-g Tschechisch? Ja, mit Radka! - Blog der S\u00e4chsischen Landesstelle f\u00fcr nachbarsprachige Bildung<\/title>\n<meta name=\"description\" content=\"Was ist Sprachbegleitung? Wo findet sie statt und wer ist Sprachbegleiterin? Mehr erfahren \u00fcber &quot;Nachbarsprache von Anfang an!&quot;\" \/>\n<meta name=\"robots\" content=\"index, follow, max-snippet:-1, max-image-preview:large, max-video-preview:-1\" \/>\n<link rel=\"canonical\" href=\"https:\/\/www.nachbarsprachen-sachsen.eu\/lana\/blog\/stimmen-aus-der-praxis\/s-p-r-a-c-h-b-e-g-l-e-i-t-u-n-g-tschechisch-ja-mit-radka.html\" \/>\n<meta property=\"og:locale\" content=\"de_DE\" \/>\n<meta property=\"og:type\" content=\"article\" \/>\n<meta property=\"og:title\" content=\"S-p-r-a-c-h-b-e-g-l-e-i-t-u-n-g Tschechisch? Ja, mit Radka! - Blog der S\u00e4chsischen Landesstelle f\u00fcr nachbarsprachige Bildung\" \/>\n<meta property=\"og:description\" content=\"Was ist Sprachbegleitung? Wo findet sie statt und wer ist Sprachbegleiterin? Mehr erfahren \u00fcber &quot;Nachbarsprache von Anfang an!&quot;\" \/>\n<meta property=\"og:url\" content=\"https:\/\/www.nachbarsprachen-sachsen.eu\/lana\/blog\/stimmen-aus-der-praxis\/s-p-r-a-c-h-b-e-g-l-e-i-t-u-n-g-tschechisch-ja-mit-radka.html\" \/>\n<meta property=\"og:site_name\" content=\"Blog der S\u00e4chsischen Landesstelle f\u00fcr nachbarsprachige Bildung\" \/>\n<meta property=\"article:published_time\" content=\"2026-09-04T08:05:00+00:00\" \/>\n<meta property=\"og:image\" content=\"https:\/\/www.nachbarsprachen-sachsen.eu\/lana\/blog\/wp-content\/uploads\/2026\/09\/Radka-scaled.jpg\" \/>\n\t<meta property=\"og:image:width\" content=\"1407\" \/>\n\t<meta property=\"og:image:height\" content=\"2560\" \/>\n\t<meta property=\"og:image:type\" content=\"image\/jpeg\" \/>\n<meta name=\"author\" content=\"LaNa-Team\" \/>\n<meta name=\"twitter:card\" content=\"summary_large_image\" \/>\n<meta name=\"twitter:label1\" content=\"Verfasst von\" \/>\n\t<meta name=\"twitter:data1\" content=\"LaNa-Team\" \/>\n\t<meta name=\"twitter:label2\" content=\"Gesch\u00e4tzte Lesezeit\" \/>\n\t<meta name=\"twitter:data2\" content=\"2\u00a0Minuten\" \/>\n<script type=\"application\/ld+json\" class=\"yoast-schema-graph\">{\"@context\":\"https:\\\/\\\/schema.org\",\"@graph\":[{\"@type\":\"Article\",\"@id\":\"https:\\\/\\\/www.nachbarsprachen-sachsen.eu\\\/lana\\\/blog\\\/stimmen-aus-der-praxis\\\/s-p-r-a-c-h-b-e-g-l-e-i-t-u-n-g-tschechisch-ja-mit-radka.html#article\",\"isPartOf\":{\"@id\":\"https:\\\/\\\/www.nachbarsprachen-sachsen.eu\\\/lana\\\/blog\\\/stimmen-aus-der-praxis\\\/s-p-r-a-c-h-b-e-g-l-e-i-t-u-n-g-tschechisch-ja-mit-radka.html\"},\"author\":{\"name\":\"LaNa-Team\",\"@id\":\"https:\\\/\\\/www.nachbarsprachen-sachsen.eu\\\/lana\\\/blog\\\/#\\\/schema\\\/person\\\/13239f936c7ffee5b60975f82a2531a2\"},\"headline\":\"S-p-r-a-c-h-b-e-g-l-e-i-t-u-n-g Tschechisch? Ja, mit Radka!\",\"datePublished\":\"2026-09-04T08:05:00+00:00\",\"mainEntityOfPage\":{\"@id\":\"https:\\\/\\\/www.nachbarsprachen-sachsen.eu\\\/lana\\\/blog\\\/stimmen-aus-der-praxis\\\/s-p-r-a-c-h-b-e-g-l-e-i-t-u-n-g-tschechisch-ja-mit-radka.html\"},\"wordCount\":344,\"commentCount\":0,\"image\":{\"@id\":\"https:\\\/\\\/www.nachbarsprachen-sachsen.eu\\\/lana\\\/blog\\\/stimmen-aus-der-praxis\\\/s-p-r-a-c-h-b-e-g-l-e-i-t-u-n-g-tschechisch-ja-mit-radka.html#primaryimage\"},\"thumbnailUrl\":\"https:\\\/\\\/www.nachbarsprachen-sachsen.eu\\\/lana\\\/blog\\\/wp-content\\\/uploads\\\/2026\\\/09\\\/Radka-scaled.jpg\",\"keywords\":[\"Immersion\",\"Interreg\",\"Nachbarsprache\",\"Sachsen-Tschechien\",\"sprachbad\",\"Tschechisch\"],\"articleSection\":{\"1\":\"Eltern\",\"2\":\"Kitas\",\"3\":\"Schon gewusst?\",\"4\":\"Stimmen aus der Praxis\"},\"inLanguage\":\"de\",\"potentialAction\":[{\"@type\":\"CommentAction\",\"name\":\"Comment\",\"target\":[\"https:\\\/\\\/www.nachbarsprachen-sachsen.eu\\\/lana\\\/blog\\\/stimmen-aus-der-praxis\\\/s-p-r-a-c-h-b-e-g-l-e-i-t-u-n-g-tschechisch-ja-mit-radka.html#respond\"]}]},{\"@type\":\"WebPage\",\"@id\":\"https:\\\/\\\/www.nachbarsprachen-sachsen.eu\\\/lana\\\/blog\\\/stimmen-aus-der-praxis\\\/s-p-r-a-c-h-b-e-g-l-e-i-t-u-n-g-tschechisch-ja-mit-radka.html\",\"url\":\"https:\\\/\\\/www.nachbarsprachen-sachsen.eu\\\/lana\\\/blog\\\/stimmen-aus-der-praxis\\\/s-p-r-a-c-h-b-e-g-l-e-i-t-u-n-g-tschechisch-ja-mit-radka.html\",\"name\":\"S-p-r-a-c-h-b-e-g-l-e-i-t-u-n-g Tschechisch? Ja, mit Radka! - Blog der S\u00e4chsischen Landesstelle f\u00fcr nachbarsprachige Bildung\",\"isPartOf\":{\"@id\":\"https:\\\/\\\/www.nachbarsprachen-sachsen.eu\\\/lana\\\/blog\\\/#website\"},\"primaryImageOfPage\":{\"@id\":\"https:\\\/\\\/www.nachbarsprachen-sachsen.eu\\\/lana\\\/blog\\\/stimmen-aus-der-praxis\\\/s-p-r-a-c-h-b-e-g-l-e-i-t-u-n-g-tschechisch-ja-mit-radka.html#primaryimage\"},\"image\":{\"@id\":\"https:\\\/\\\/www.nachbarsprachen-sachsen.eu\\\/lana\\\/blog\\\/stimmen-aus-der-praxis\\\/s-p-r-a-c-h-b-e-g-l-e-i-t-u-n-g-tschechisch-ja-mit-radka.html#primaryimage\"},\"thumbnailUrl\":\"https:\\\/\\\/www.nachbarsprachen-sachsen.eu\\\/lana\\\/blog\\\/wp-content\\\/uploads\\\/2026\\\/09\\\/Radka-scaled.jpg\",\"datePublished\":\"2026-09-04T08:05:00+00:00\",\"author\":{\"@id\":\"https:\\\/\\\/www.nachbarsprachen-sachsen.eu\\\/lana\\\/blog\\\/#\\\/schema\\\/person\\\/13239f936c7ffee5b60975f82a2531a2\"},\"description\":\"Was ist Sprachbegleitung? Wo findet sie statt und wer ist Sprachbegleiterin? Mehr erfahren \u00fcber \\\"Nachbarsprache von Anfang an!\\\"\",\"breadcrumb\":{\"@id\":\"https:\\\/\\\/www.nachbarsprachen-sachsen.eu\\\/lana\\\/blog\\\/stimmen-aus-der-praxis\\\/s-p-r-a-c-h-b-e-g-l-e-i-t-u-n-g-tschechisch-ja-mit-radka.html#breadcrumb\"},\"inLanguage\":\"de\",\"potentialAction\":[{\"@type\":\"ReadAction\",\"target\":[\"https:\\\/\\\/www.nachbarsprachen-sachsen.eu\\\/lana\\\/blog\\\/stimmen-aus-der-praxis\\\/s-p-r-a-c-h-b-e-g-l-e-i-t-u-n-g-tschechisch-ja-mit-radka.html\"]}]},{\"@type\":\"ImageObject\",\"inLanguage\":\"de\",\"@id\":\"https:\\\/\\\/www.nachbarsprachen-sachsen.eu\\\/lana\\\/blog\\\/stimmen-aus-der-praxis\\\/s-p-r-a-c-h-b-e-g-l-e-i-t-u-n-g-tschechisch-ja-mit-radka.html#primaryimage\",\"url\":\"https:\\\/\\\/www.nachbarsprachen-sachsen.eu\\\/lana\\\/blog\\\/wp-content\\\/uploads\\\/2026\\\/09\\\/Radka-scaled.jpg\",\"contentUrl\":\"https:\\\/\\\/www.nachbarsprachen-sachsen.eu\\\/lana\\\/blog\\\/wp-content\\\/uploads\\\/2026\\\/09\\\/Radka-scaled.jpg\",\"width\":1407,\"height\":2560},{\"@type\":\"BreadcrumbList\",\"@id\":\"https:\\\/\\\/www.nachbarsprachen-sachsen.eu\\\/lana\\\/blog\\\/stimmen-aus-der-praxis\\\/s-p-r-a-c-h-b-e-g-l-e-i-t-u-n-g-tschechisch-ja-mit-radka.html#breadcrumb\",\"itemListElement\":[{\"@type\":\"ListItem\",\"position\":1,\"name\":\"Startseite\",\"item\":\"https:\\\/\\\/www.nachbarsprachen-sachsen.eu\\\/lana\\\/blog\"},{\"@type\":\"ListItem\",\"position\":2,\"name\":\"S-p-r-a-c-h-b-e-g-l-e-i-t-u-n-g Tschechisch? Ja, mit Radka!\"}]},{\"@type\":\"WebSite\",\"@id\":\"https:\\\/\\\/www.nachbarsprachen-sachsen.eu\\\/lana\\\/blog\\\/#website\",\"url\":\"https:\\\/\\\/www.nachbarsprachen-sachsen.eu\\\/lana\\\/blog\\\/\",\"name\":\"Blog der S\u00e4chsischen Landesstelle f\u00fcr nachbarsprachige Bildung\",\"description\":\"Nachbarsprache von Anfang an!\",\"potentialAction\":[{\"@type\":\"SearchAction\",\"target\":{\"@type\":\"EntryPoint\",\"urlTemplate\":\"https:\\\/\\\/www.nachbarsprachen-sachsen.eu\\\/lana\\\/blog\\\/?s={search_term_string}\"},\"query-input\":{\"@type\":\"PropertyValueSpecification\",\"valueRequired\":true,\"valueName\":\"search_term_string\"}}],\"inLanguage\":\"de\"},{\"@type\":\"Person\",\"@id\":\"https:\\\/\\\/www.nachbarsprachen-sachsen.eu\\\/lana\\\/blog\\\/#\\\/schema\\\/person\\\/13239f936c7ffee5b60975f82a2531a2\",\"name\":\"LaNa-Team\",\"url\":\"https:\\\/\\\/www.nachbarsprachen-sachsen.eu\\\/lana\\\/blog\\\/author\\\/ikp-redakteur_ab\"}]}<\/script>\n<!-- \/ Yoast SEO plugin. -->","yoast_head_json":{"title":"S-p-r-a-c-h-b-e-g-l-e-i-t-u-n-g Tschechisch? Ja, mit Radka! - Blog der S\u00e4chsischen Landesstelle f\u00fcr nachbarsprachige Bildung","description":"Was ist Sprachbegleitung? Wo findet sie statt und wer ist Sprachbegleiterin? Mehr erfahren \u00fcber \"Nachbarsprache von Anfang an!\"","robots":{"index":"index","follow":"follow","max-snippet":"max-snippet:-1","max-image-preview":"max-image-preview:large","max-video-preview":"max-video-preview:-1"},"canonical":"https:\/\/www.nachbarsprachen-sachsen.eu\/lana\/blog\/stimmen-aus-der-praxis\/s-p-r-a-c-h-b-e-g-l-e-i-t-u-n-g-tschechisch-ja-mit-radka.html","og_locale":"de_DE","og_type":"article","og_title":"S-p-r-a-c-h-b-e-g-l-e-i-t-u-n-g Tschechisch? Ja, mit Radka! - Blog der S\u00e4chsischen Landesstelle f\u00fcr nachbarsprachige Bildung","og_description":"Was ist Sprachbegleitung? Wo findet sie statt und wer ist Sprachbegleiterin? Mehr erfahren \u00fcber \"Nachbarsprache von Anfang an!\"","og_url":"https:\/\/www.nachbarsprachen-sachsen.eu\/lana\/blog\/stimmen-aus-der-praxis\/s-p-r-a-c-h-b-e-g-l-e-i-t-u-n-g-tschechisch-ja-mit-radka.html","og_site_name":"Blog der S\u00e4chsischen Landesstelle f\u00fcr nachbarsprachige Bildung","article_published_time":"2026-09-04T08:05:00+00:00","og_image":[{"width":1407,"height":2560,"url":"https:\/\/www.nachbarsprachen-sachsen.eu\/lana\/blog\/wp-content\/uploads\/2026\/09\/Radka-scaled.jpg","type":"image\/jpeg"}],"author":"LaNa-Team","twitter_card":"summary_large_image","twitter_misc":{"Verfasst von":"LaNa-Team","Gesch\u00e4tzte Lesezeit":"2\u00a0Minuten"},"schema":{"@context":"https:\/\/schema.org","@graph":[{"@type":"Article","@id":"https:\/\/www.nachbarsprachen-sachsen.eu\/lana\/blog\/stimmen-aus-der-praxis\/s-p-r-a-c-h-b-e-g-l-e-i-t-u-n-g-tschechisch-ja-mit-radka.html#article","isPartOf":{"@id":"https:\/\/www.nachbarsprachen-sachsen.eu\/lana\/blog\/stimmen-aus-der-praxis\/s-p-r-a-c-h-b-e-g-l-e-i-t-u-n-g-tschechisch-ja-mit-radka.html"},"author":{"name":"LaNa-Team","@id":"https:\/\/www.nachbarsprachen-sachsen.eu\/lana\/blog\/#\/schema\/person\/13239f936c7ffee5b60975f82a2531a2"},"headline":"S-p-r-a-c-h-b-e-g-l-e-i-t-u-n-g Tschechisch? Ja, mit Radka!","datePublished":"2026-09-04T08:05:00+00:00","mainEntityOfPage":{"@id":"https:\/\/www.nachbarsprachen-sachsen.eu\/lana\/blog\/stimmen-aus-der-praxis\/s-p-r-a-c-h-b-e-g-l-e-i-t-u-n-g-tschechisch-ja-mit-radka.html"},"wordCount":344,"commentCount":0,"image":{"@id":"https:\/\/www.nachbarsprachen-sachsen.eu\/lana\/blog\/stimmen-aus-der-praxis\/s-p-r-a-c-h-b-e-g-l-e-i-t-u-n-g-tschechisch-ja-mit-radka.html#primaryimage"},"thumbnailUrl":"https:\/\/www.nachbarsprachen-sachsen.eu\/lana\/blog\/wp-content\/uploads\/2026\/09\/Radka-scaled.jpg","keywords":["Immersion","Interreg","Nachbarsprache","Sachsen-Tschechien","sprachbad","Tschechisch"],"articleSection":{"1":"Eltern","2":"Kitas","3":"Schon gewusst?","4":"Stimmen aus der Praxis"},"inLanguage":"de","potentialAction":[{"@type":"CommentAction","name":"Comment","target":["https:\/\/www.nachbarsprachen-sachsen.eu\/lana\/blog\/stimmen-aus-der-praxis\/s-p-r-a-c-h-b-e-g-l-e-i-t-u-n-g-tschechisch-ja-mit-radka.html#respond"]}]},{"@type":"WebPage","@id":"https:\/\/www.nachbarsprachen-sachsen.eu\/lana\/blog\/stimmen-aus-der-praxis\/s-p-r-a-c-h-b-e-g-l-e-i-t-u-n-g-tschechisch-ja-mit-radka.html","url":"https:\/\/www.nachbarsprachen-sachsen.eu\/lana\/blog\/stimmen-aus-der-praxis\/s-p-r-a-c-h-b-e-g-l-e-i-t-u-n-g-tschechisch-ja-mit-radka.html","name":"S-p-r-a-c-h-b-e-g-l-e-i-t-u-n-g Tschechisch? Ja, mit Radka! - Blog der S\u00e4chsischen Landesstelle f\u00fcr nachbarsprachige Bildung","isPartOf":{"@id":"https:\/\/www.nachbarsprachen-sachsen.eu\/lana\/blog\/#website"},"primaryImageOfPage":{"@id":"https:\/\/www.nachbarsprachen-sachsen.eu\/lana\/blog\/stimmen-aus-der-praxis\/s-p-r-a-c-h-b-e-g-l-e-i-t-u-n-g-tschechisch-ja-mit-radka.html#primaryimage"},"image":{"@id":"https:\/\/www.nachbarsprachen-sachsen.eu\/lana\/blog\/stimmen-aus-der-praxis\/s-p-r-a-c-h-b-e-g-l-e-i-t-u-n-g-tschechisch-ja-mit-radka.html#primaryimage"},"thumbnailUrl":"https:\/\/www.nachbarsprachen-sachsen.eu\/lana\/blog\/wp-content\/uploads\/2026\/09\/Radka-scaled.jpg","datePublished":"2026-09-04T08:05:00+00:00","author":{"@id":"https:\/\/www.nachbarsprachen-sachsen.eu\/lana\/blog\/#\/schema\/person\/13239f936c7ffee5b60975f82a2531a2"},"description":"Was ist Sprachbegleitung? Wo findet sie statt und wer ist Sprachbegleiterin? Mehr erfahren \u00fcber \"Nachbarsprache von Anfang an!\"","breadcrumb":{"@id":"https:\/\/www.nachbarsprachen-sachsen.eu\/lana\/blog\/stimmen-aus-der-praxis\/s-p-r-a-c-h-b-e-g-l-e-i-t-u-n-g-tschechisch-ja-mit-radka.html#breadcrumb"},"inLanguage":"de","potentialAction":[{"@type":"ReadAction","target":["https:\/\/www.nachbarsprachen-sachsen.eu\/lana\/blog\/stimmen-aus-der-praxis\/s-p-r-a-c-h-b-e-g-l-e-i-t-u-n-g-tschechisch-ja-mit-radka.html"]}]},{"@type":"ImageObject","inLanguage":"de","@id":"https:\/\/www.nachbarsprachen-sachsen.eu\/lana\/blog\/stimmen-aus-der-praxis\/s-p-r-a-c-h-b-e-g-l-e-i-t-u-n-g-tschechisch-ja-mit-radka.html#primaryimage","url":"https:\/\/www.nachbarsprachen-sachsen.eu\/lana\/blog\/wp-content\/uploads\/2026\/09\/Radka-scaled.jpg","contentUrl":"https:\/\/www.nachbarsprachen-sachsen.eu\/lana\/blog\/wp-content\/uploads\/2026\/09\/Radka-scaled.jpg","width":1407,"height":2560},{"@type":"BreadcrumbList","@id":"https:\/\/www.nachbarsprachen-sachsen.eu\/lana\/blog\/stimmen-aus-der-praxis\/s-p-r-a-c-h-b-e-g-l-e-i-t-u-n-g-tschechisch-ja-mit-radka.html#breadcrumb","itemListElement":[{"@type":"ListItem","position":1,"name":"Startseite","item":"https:\/\/www.nachbarsprachen-sachsen.eu\/lana\/blog"},{"@type":"ListItem","position":2,"name":"S-p-r-a-c-h-b-e-g-l-e-i-t-u-n-g Tschechisch? Ja, mit Radka!"}]},{"@type":"WebSite","@id":"https:\/\/www.nachbarsprachen-sachsen.eu\/lana\/blog\/#website","url":"https:\/\/www.nachbarsprachen-sachsen.eu\/lana\/blog\/","name":"Blog der S\u00e4chsischen Landesstelle f\u00fcr nachbarsprachige Bildung","description":"Nachbarsprache von Anfang an!","potentialAction":[{"@type":"SearchAction","target":{"@type":"EntryPoint","urlTemplate":"https:\/\/www.nachbarsprachen-sachsen.eu\/lana\/blog\/?s={search_term_string}"},"query-input":{"@type":"PropertyValueSpecification","valueRequired":true,"valueName":"search_term_string"}}],"inLanguage":"de"},{"@type":"Person","@id":"https:\/\/www.nachbarsprachen-sachsen.eu\/lana\/blog\/#\/schema\/person\/13239f936c7ffee5b60975f82a2531a2","name":"LaNa-Team","url":"https:\/\/www.nachbarsprachen-sachsen.eu\/lana\/blog\/author\/ikp-redakteur_ab"}]}},"jetpack_featured_media_url":"https:\/\/www.nachbarsprachen-sachsen.eu\/lana\/blog\/wp-content\/uploads\/2026\/09\/Radka-scaled.jpg","_links":{"self":[{"href":"https:\/\/www.nachbarsprachen-sachsen.eu\/lana\/blog\/wp-json\/wp\/v2\/posts\/10183","targetHints":{"allow":["GET"]}}],"collection":[{"href":"https:\/\/www.nachbarsprachen-sachsen.eu\/lana\/blog\/wp-json\/wp\/v2\/posts"}],"about":[{"href":"https:\/\/www.nachbarsprachen-sachsen.eu\/lana\/blog\/wp-json\/wp\/v2\/types\/post"}],"author":[{"embeddable":true,"href":"https:\/\/www.nachbarsprachen-sachsen.eu\/lana\/blog\/wp-json\/wp\/v2\/users\/7"}],"replies":[{"embeddable":true,"href":"https:\/\/www.nachbarsprachen-sachsen.eu\/lana\/blog\/wp-json\/wp\/v2\/comments?post=10183"}],"version-history":[{"count":2,"href":"https:\/\/www.nachbarsprachen-sachsen.eu\/lana\/blog\/wp-json\/wp\/v2\/posts\/10183\/revisions"}],"predecessor-version":[{"id":10187,"href":"https:\/\/www.nachbarsprachen-sachsen.eu\/lana\/blog\/wp-json\/wp\/v2\/posts\/10183\/revisions\/10187"}],"wp:featuredmedia":[{"embeddable":true,"href":"https:\/\/www.nachbarsprachen-sachsen.eu\/lana\/blog\/wp-json\/wp\/v2\/media\/10184"}],"wp:attachment":[{"href":"https:\/\/www.nachbarsprachen-sachsen.eu\/lana\/blog\/wp-json\/wp\/v2\/media?parent=10183"}],"wp:term":[{"taxonomy":"category","embeddable":true,"href":"https:\/\/www.nachbarsprachen-sachsen.eu\/lana\/blog\/wp-json\/wp\/v2\/categories?post=10183"},{"taxonomy":"post_tag","embeddable":true,"href":"https:\/\/www.nachbarsprachen-sachsen.eu\/lana\/blog\/wp-json\/wp\/v2\/tags?post=10183"}],"curies":[{"name":"wp","href":"https:\/\/api.w.org\/{rel}","templated":true}]}}